{"id":5055,"date":"2026-03-17T11:43:56","date_gmt":"2026-03-17T09:43:56","guid":{"rendered":"https:\/\/terveelukeskus.ee\/?p=5055"},"modified":"2026-03-17T11:46:23","modified_gmt":"2026-03-17T09:46:23","slug":"psuuhilised-haired","status":"publish","type":"post","link":"https:\/\/terveelukeskus.ee\/ru\/psuuhilised-haired\/","title":{"rendered":"Enimlevinud ps\u00fc\u00fchilised h\u00e4ired ja s\u00fcmptomid \u2013 paanikah\u00e4ire, bipolaarne h\u00e4ire jt"},"content":{"rendered":"<div><\/div>\n<div style=\"background-color: #ffffff; padding: 25px; border-radius: 5px; margin-bottom: 20px;\"><i>NB! K\u00e4esolev blogipostitus on informatiivse iseloomuga. Siin v\u00e4ljatoodud n\u00f5uanded on \u00fcldist laadi ega asenda professionaalset meditsiinilist konsultatsiooni. Artikli l\u00f5pus on viited ja kontaktid, kuhu p\u00f6\u00f6rduda vaimse tervise muredega.<\/i><\/div>\n<p><strong><a href=\"https:\/\/terveelukeskus.ee\/ru\/\u0442\u0435\u043c\u044b\/\u043f\u0441\u0438\u0445\u0438\u0447\u0435\u0441\u043a\u043e\u0435-\u0437\u0434\u043e\u0440\u043e\u0432\u044c\u0435\/\">\u041f\u0441\u0438\u0445\u0438\u0447\u0435\u0441\u043a\u043e\u0435 \u0437\u0434\u043e\u0440\u043e\u0432\u044c\u0435<\/a> m\u00f5jutab otseselt seda, kuidas me m\u00f5tleme, tunneme, k\u00e4itume ja igap\u00e4evaeluga toime tuleme. Kuigi aeg-ajalt kogevad <a href=\"https:\/\/terveelukeskus.ee\/ru\/\u0441\u0442\u0440\u0435\u0441\u0441\/\">stressi<\/a>, kurbust, hirmu v\u00f5i keskendumisraskusi peaaegu k\u00f5ik inimesed, ei t\u00e4henda see veel h\u00e4iret. Kui s\u00fcmptomid muutuvad p\u00fcsivaks, hakkavad igap\u00e4evaselt segama t\u00f6\u00f6d, suhteid, \u00f5ppimist v\u00f5i enesetunnet, v\u00f5ib tegu olla m\u00f5ne ps\u00fc\u00fchilise h\u00e4irega.<\/strong><\/p>\n<p><span style=\"font-weight: 400;\">Ps\u00fc\u00fchilised h\u00e4ired m\u00f5jutavad miljoneid inimesi \u00fcle maailma \u2013 <\/span><a href=\"https:\/\/www.who.int\/news\/item\/02-09-2025-over-a-billion-people-living-with-mental-health-conditions-services-require-urgent-scale-up\"><span style=\"font-weight: 400;\">Maailma Terviseorganisatsiooni andmetel<\/span><\/a><span style=\"font-weight: 400;\"> kannatab <\/span><a href=\"https:\/\/iris.who.int\/server\/api\/core\/bitstreams\/31714489-1345-4439-8b37-6cbdc52e15ca\/content\"><span style=\"font-weight: 400;\">iga seitsmes inimene<\/span><\/a><span style=\"font-weight: 400;\"> m\u00f5ne vaimse tervise h\u00e4ire all. Hoolimata teadlikkuse kasvust takistab h\u00e4bitunne ja teadmatus paljudel abi otsimast. Selles artiklis anname \u00fclevaate levinumatest ps\u00fc\u00fchilistest h\u00e4iretest ja nende s\u00fcmptomitest, et aidata neid paremini \u00e4ra tunda \u2013 nii enda kui ka l\u00e4hedaste puhul.<\/span><\/p>\n<p>\u041e\u0413\u041b\u0410\u0412\u041b\u0415\u041d\u0418\u0415<br \/>\n<a class=\"local-scroll-link\" href=\"#1\"><span class=\"ticon ticon-long-arrow-right\"><\/span> Mis on ps\u00fc\u00fchilised h\u00e4ired?<\/a><br \/>\n<a class=\"local-scroll-link\" href=\"#2\"><span class=\"ticon ticon-long-arrow-right\"><\/span> Millest tekivad ps\u00fc\u00fchilised h\u00e4ired?<\/a><br \/>\n<a class=\"local-scroll-link\" href=\"#3\"><span class=\"ticon ticon-long-arrow-right\"><\/span> Levinumad ps\u00fc\u00fchilised h\u00e4ired<\/a><br \/>\n<a class=\"local-scroll-link\" style=\"padding-left: 30px;\" href=\"#4\"><span class=\"ticon ticon-angle-right\"><\/span> \u00c4revush\u00e4ired<\/a><br \/>\n<a class=\"local-scroll-link\" style=\"padding-left: 30px;\" href=\"#5\"><span class=\"ticon ticon-angle-right\"><\/span> Paanikah\u00e4ire<\/a><br \/>\n<a class=\"local-scroll-link\" style=\"padding-left: 30px;\" href=\"#6\"><span class=\"ticon ticon-angle-right\"><\/span> Uneh\u00e4ired<\/a><br \/>\n<a class=\"local-scroll-link\" style=\"padding-left: 30px;\" href=\"#7\"><span class=\"ticon ticon-angle-right\"><\/span> Bipolaarne meeleoluh\u00e4ire<\/a><br \/>\n<a class=\"local-scroll-link\" style=\"padding-left: 30px;\" href=\"#8\"><span class=\"ticon ticon-angle-right\"><\/span> Obsessiiv-kompulsiivne h\u00e4ire<\/a><br \/>\n<a class=\"local-scroll-link\" href=\"#9\"><span class=\"ticon ticon-long-arrow-right\"><\/span> Millal otsida abi?<\/a><br \/>\n<a class=\"local-scroll-link\" href=\"#10\"><span class=\"ticon ticon-long-arrow-right\"><\/span> Kust otsida vaimse tervise teemadel abi?<\/a><\/p>\n<h2 id=\"1\"><span style=\"font-weight: 400;\">Mis on ps\u00fc\u00fchilised h\u00e4ired?<\/span><\/h2>\n<p><a href=\"https:\/\/et.wikipedia.org\/wiki\/Ps%C3%BC%C3%BChikah%C3%A4ire\"><span style=\"font-weight: 400;\">Ps\u00fc\u00fchilised h\u00e4ired<\/span><\/a><span style=\"font-weight: 400;\"> on seisundid, mis m\u00f5jutavad inimese m\u00f5tlemist, tundeelu, k\u00e4itumist, tajusid v\u00f5i toimetulekut. Ps\u00fc\u00fchilised h\u00e4ired v\u00f5ivad ulatuda kergetest \u00e4revusseisunditest kuni raskete ps\u00fchhootiliste h\u00e4ireteni. Need v\u00f5ivad olla l\u00fchiajalised v\u00f5i pikaajalised, kerged v\u00f5i rasked ning avalduda v\u00e4ga erineval moel \u2013 m\u00f5nel inimesel v\u00e4ljenduvad need peamiselt \u00e4revuse ja pingena, teisel meeleolu k\u00f5ikumise, sundm\u00f5tete, impulsiivsuse v\u00f5i sotsiaalsete raskustena.<\/span><\/p>\n<p><span style=\"font-weight: 400;\">Oluline on m\u00f5ista, et ps\u00fc\u00fchikah\u00e4ire ei t\u00e4henda n\u00f5rkust, laiskust ega \u201eiseloomu viga&#8221; \u2013 tegemist on meditsiiniliselt diagnoositavate haigusseisunditega, millel on bioloogiline, ps\u00fchholoogiline ja sotsiaalne alus.<\/span><\/p>\n<p><a href=\"https:\/\/valisveeb.kliinikum.ee\/psyhhiaatriakliinik\/lisad\/ravi\/RHK\/RHK10-FR17.htm\"><span style=\"font-weight: 400;\">Levinumate ps\u00fc\u00fchiliste h\u00e4irete<\/span><\/a><span style=\"font-weight: 400;\"> hulka kuuluvad n\u00e4iteks \u00e4revush\u00e4ired, paanikah\u00e4ired, depressioon, obsessiiv-kompulsiivne h\u00e4ire, bipolaarne meeleoluh\u00e4ire ning erinevad uneh\u00e4ired. Kuigi tihti arvatakse, et autismispektri h\u00e4ire ja aktiivsus-t\u00e4helepanuh\u00e4ire on samuti ps\u00fc\u00fchilised h\u00e4ired, kuuluvad need tegelikult neuroarengu h\u00e4irete valdkonda. Praktikas k\u00e4sitletakse neid teemasid siiski sageli koos, sest k\u00f5ik need seisundid v\u00f5ivad m\u00f5jutada \u00f5ppimist, t\u00f6\u00f6d, suhteid, emotsionaalset enesetunnet ja igap\u00e4evast toimetulekut. Lisaks v\u00f5ivad neuroarenguliste h\u00e4iretega kaasneda ka muud vaimse tervise raskused, n\u00e4iteks \u00e4revush\u00e4ired, meeleoluprobleemid v\u00f5i uneh\u00e4ired.<\/span><\/p>\n<p><span style=\"font-weight: 400;\">Nii nagu f\u00fc\u00fcsilised haigused, vajavad ka vaimse tervise h\u00e4ired t\u00e4helepanu, m\u00f5istmist ja vajadusel ravi. Samas ei saa ps\u00fc\u00fchikah\u00e4ireid alati v\u00e4liselt \u00e4ra tunda \u2013 inimene v\u00f5ib k\u00e4ia t\u00f6\u00f6l, suhelda tavap\u00e4raselt ja tulla pealtn\u00e4ha h\u00e4sti toime, kuid kogeda samal ajal tugevat sisemist pinget v\u00f5i kurnatust. Just seet\u00f5ttu on oluline m\u00e4rgata nii enda kui ka l\u00e4hedaste muutunud enesetunnet, k\u00e4itumist ja toimetulekut.<\/span><\/p>\n<h3><span style=\"font-weight: 400;\">Ps\u00fchhosomaatilised h\u00e4ired<\/span><\/h3>\n<p><span style=\"font-weight: 400;\">Oluline on eristada ps\u00fc\u00fchilisi h\u00e4ireid ka <\/span><a href=\"https:\/\/et.wikipedia.org\/wiki\/Ps%C3%BChhosomaatiline_h%C3%A4ire\"><span style=\"font-weight: 400;\">ps\u00fchhosomaatilistest h\u00e4iretest<\/span><\/a><span style=\"font-weight: 400;\">. <\/span><a href=\"https:\/\/tervis.postimees.ee\/6857405\/millest-tekivad-psuhhosomaatilised-haigused\"><span style=\"font-weight: 400;\">Ps\u00fchhosomaatilised h\u00e4ired<\/span><\/a><span style=\"font-weight: 400;\"> on seisundid, kus ps\u00fc\u00fchilised tegurid \u2013 nagu stress, \u00e4revus v\u00f5i lahendamata emotsionaalsed konfliktid \u2013 v\u00e4ljenduvad kehaliste vaevustena. Inimene v\u00f5ib tunda reaalset valu, seedeh\u00e4ireid, s\u00fcdamepekslemist v\u00f5i kroonilist v\u00e4simust, kuid uuringud ei tuvasta selget f\u00fc\u00fcsilist p\u00f5hjust. See ei t\u00e4henda, et s\u00fcmptomid oleksid v\u00e4lja m\u00f5eldud, vaid keha ja vaim on lahutamatult seotud ning pikaajaline vaimne pinge v\u00f5ib t\u00f5epoolest kehale f\u00fc\u00fcsiliselt m\u00f5ju avaldada. Ps\u00fchhosomaatilised h\u00e4ired n\u00e4itavad ilmekalt, miks vaimse tervise probleeme ei tohiks eirata, sest ravimata j\u00e4tmisel v\u00f5ivad need hakata kahjustama ka f\u00fc\u00fcsilist tervist.<\/span><\/p>\n<h2 id=\"2\"><span style=\"font-weight: 400;\">Millest tekivad ps\u00fc\u00fchilised h\u00e4ired?<\/span><\/h2>\n<p><span style=\"font-weight: 400;\"><img loading=\"lazy\" decoding=\"async\" class=\"alignright wp-image-5065 size-medium\" src=\"https:\/\/terveelukeskus.ee\/wp-content\/uploads\/2026\/03\/portrait-man-suffering-from-schizophrenia-2-300x200.jpg\" alt=\"\" width=\"300\" height=\"200\" srcset=\"https:\/\/terveelukeskus.ee\/wp-content\/uploads\/2026\/03\/portrait-man-suffering-from-schizophrenia-2-300x200.jpg 300w, https:\/\/terveelukeskus.ee\/wp-content\/uploads\/2026\/03\/portrait-man-suffering-from-schizophrenia-2-768x512.jpg 768w, https:\/\/terveelukeskus.ee\/wp-content\/uploads\/2026\/03\/portrait-man-suffering-from-schizophrenia-2-18x12.jpg 18w, https:\/\/terveelukeskus.ee\/wp-content\/uploads\/2026\/03\/portrait-man-suffering-from-schizophrenia-2.jpg 1200w\" sizes=\"auto, (max-width: 300px) 100vw, 300px\" \/>Ps\u00fc\u00fchilistel h\u00e4iretel ei ole \u00fcldjuhul \u00fchte kindlat p\u00f5hjust. Pigem kujunevad need mitmete tegurite koosm\u00f5jul, mida teaduses nimetatakse <\/span><a href=\"https:\/\/www.tai.ee\/et\/sotsiaaltoo\/rahvusvahelise-funktsioneerimisvoime-klassifikatsiooni-valdkonnaulene-rakendamine\"><span style=\"font-weight: 400;\">bio-ps\u00fchho-sotsiaalseks mudeliks<\/span><\/a><span style=\"font-weight: 400;\">. See t\u00e4hendab, et h\u00e4ire tekkimisse panustavad nii bioloogilised, ps\u00fchholoogilised kui ka keskkondlikud asjaolud.<\/span><\/p>\n<h3><span style=\"font-weight: 400;\">Bioloogilised tegurid<\/span><\/h3>\n<p><span style=\"font-weight: 400;\">Geneetiline eelsoodumus ehk p\u00e4rilikkus m\u00e4ngib paljude ps\u00fc\u00fchiliste h\u00e4irete puhul olulist rolli. N\u00e4iteks on teada, et bipolaarne h\u00e4ire ja skisofreenia esinevad sageli perekondlikult \u2013 kui l\u00e4hisugulasel on diagnoos, on risk h\u00e4ire tekkeks k\u00f5rgem.\u00a0<\/span><\/p>\n<p><span style=\"font-weight: 400;\">Lisaks geneetikale m\u00f5jutavad vaimset tervist ka ajukeemia, hormoonid, n\u00e4rvis\u00fcsteemi erip\u00e4rad ja \u00fcldine f\u00fc\u00fcsiline tervis. N\u00e4iteks v\u00f5ivad kilpn\u00e4\u00e4rmeprobleemid v\u00f5i muud hormonaalsed muutused v\u00f5imendada \u00e4revust, meeleoluk\u00f5ikumisi ja uneh\u00e4ireid.<\/span><\/p>\n<p><span style=\"font-weight: 400;\">Samas on oluline m\u00f5ista, et eelsoodumus ei t\u00e4henda paratamatust. Paljud inimesed, kellel on geneetiline risk, ei haigestu kunagi, samas kui h\u00e4ire v\u00f5ib tekkida ka ilma selge perekondliku taustata. Just seet\u00f5ttu on ennetamine, varajane m\u00e4rkamine ja \u00f5igeaegne abi otsimine olulised.<\/span><\/p>\n<h3><span style=\"font-weight: 400;\">Ps\u00fchholoogilised tegurid<\/span><\/h3>\n<p><span style=\"font-weight: 400;\">Siia alla kuuluvad inimese toimetulekumustrid, enesehinnang, m\u00f5tlemisviis ja oskus emotsioonidega toime tulla. Madal enesehinnang, perfektsionism ja negatiivsed m\u00f5ttemustrid v\u00f5ivad soodustada n\u00e4iteks \u00e4revush\u00e4irete ja <\/span><a href=\"https:\/\/terveelukeskus.ee\/ru\/\u0434\u0435\u043f\u0440\u0435\u0441\u0441\u0438\u044f\/\"><span style=\"font-weight: 400;\">depressiooni<\/span><\/a><span style=\"font-weight: 400;\"> teket. Samuti m\u00f5jutavad varased elukogemused \u2013 traumad, lein, emotsionaalne hooletusj\u00e4tmine, v\u00e4\u00e4rkohtlemine ja pikaajaline stress \u2013 aju arengut ning suurendavad vastuv\u00f5tlikkust hilisematele vaimse tervise probleemidele.<\/span><\/p>\n<h3><span style=\"font-weight: 400;\">Sotsiaalsed ja keskkondlikud tegurid<\/span><\/h3>\n<p><span style=\"font-weight: 400;\">\u00dcksindus, sotsiaalne t\u00f5rjutus, majanduslikud raskused, <\/span><a href=\"https:\/\/terveelukeskus.ee\/ru\/\u0437\u0430\u0432\u0438\u0441\u0438\u043c\u043e\u0441\u0442\u0438\/\"><span style=\"font-weight: 400;\">\u0437\u0430\u0432\u0438\u0441\u0438\u043c\u043e\u0441\u0442\u0438<\/span><\/a><span style=\"font-weight: 400;\">, t\u00f6\u00f6- v\u00f5i koolikiusamine ja l\u00e4hisuhtev\u00e4givald on k\u00f5ik tegurid, mis m\u00f5jutavad vaimset tasakaalu ning v\u00f5ivad ps\u00fc\u00fchilise h\u00e4ire esile kutsuda v\u00f5i olemasolevaid s\u00fcmptomeid s\u00fcvendada.<\/span><\/p>\n<p><span style=\"font-weight: 400;\">N\u00e4iteks v\u00f5ivad alkoholi tarvitamine ja meeleoluh\u00e4ired teineteist v\u00f5imendada; seet\u00f5ttu r\u00e4\u00e4gitakse sageli ka teemast bipolaarne h\u00e4ire ja alkohol, sest alkohol v\u00f5ib s\u00fcvendada nii depressiivseid kui ka impulsiivseid v\u00f5i maniakaalseid perioode.<\/span><\/p>\n<h2 id=\"3\"><span style=\"font-weight: 400;\">Levinumad ps\u00fc\u00fchilised h\u00e4ired<\/span><\/h2>\n<p><span style=\"font-weight: 400;\">Ps\u00fc\u00fchilisi h\u00e4ireid on v\u00e4ga erinevaid ning iga\u00fcks neist avaldub omal moel. Kuigi s\u00fcmptomid v\u00f5ivad olla erinevad, on neil \u00fcks oluline \u00fchisjoon \u2013 need hakkavad segama tavap\u00e4rast elu, suhteid, t\u00f6\u00f6tamist v\u00f5i \u00f5ppimist. M\u00f5ned on laialt levinud ja puudutavad suurt osa elanikkonnast, teised harvemad, kuid mitte v\u00e4hem olulised. J\u00e4rgnevalt anname \u00fclevaate levinumatest ps\u00fc\u00fchilistest h\u00e4iretest, nende s\u00fcmptomitest, v\u00f5imalikest p\u00f5hjustest ja raviv\u00f5imalustest.<\/span><\/p>\n<h3 id=\"4\"><span style=\"font-weight: 400;\">\u00c4revush\u00e4ired<\/span><\/h3>\n<p><a href=\"https:\/\/et.wikipedia.org\/wiki\/%C3%84revush%C3%A4ire\"><span style=\"font-weight: 400;\">\u00c4revush\u00e4ired<\/span><\/a><span style=\"font-weight: 400;\"> on \u00fcks levinumaid vaimse tervise probleeme. Elu jooksul esineb \u00e4revush\u00e4ireid <\/span><a href=\"https:\/\/peaasi.ee\/arevus\/mis-on-arevushaired\"><span style=\"font-weight: 400;\">10-28% inimestest<\/span><\/a><span style=\"font-weight: 400;\">.<\/span><\/p>\n<p><a href=\"https:\/\/terveelukeskus.ee\/ru\/\u0438\u0437\u0431\u044b\u0442\u043e\u043a\/\"><span style=\"font-weight: 400;\">\u00c4revus<\/span><\/a><span style=\"font-weight: 400;\"> ise on loomulik reaktsioon ohule v\u00f5i stressile. Kui \u00e4revus v\u00f5i hirm on talutavad, l\u00e4hevad ajapikku \u00fcle ning me saame aru, miks me nii tunneme, siis ei pruugi see olla suur probleem. Kui \u00e4revus p\u00f5hjustab igap\u00e4evaseid v\u00f5i sagedasi probleeme tavaelus, siis v\u00f5ime kahtlustada \u00e4revush\u00e4iret.<\/span><\/p>\n<p><span style=\"font-weight: 400;\">\u00c4revush\u00e4ire s\u00fcmptomid v\u00f5ivad olla nii vaimsed kui ka kehalised. Vaimsel tasandil v\u00e4ljenduvad need pideva muretunde, rahutuse, keskendumisraskuste ja kontrollimatu \u00e4revuse v\u00f5i hirmuna. \u00c4revush\u00e4ire f\u00fc\u00fcsilised s\u00fcmptomid ei ole alati koheselt seostatavad vaimse tervisega \u2013 s\u00fcdamepekslemine, lihaspinge, higistamine, v\u00e4rinad, pearinglus, seedeh\u00e4ired ja hingamisraskused on k\u00f5ik tavalised kaebused. Just kehaliste s\u00fcmptomite t\u00f5ttu p\u00f6\u00f6rduvad paljud inimesed esmalt perearsti poole, kahtlustamata, et p\u00f5hjus v\u00f5ib peituda vaimses tervises.<\/span><\/p>\n<p><a href=\"https:\/\/peaasi.ee\/arevushairete-ravi\/\"><span style=\"font-weight: 400;\">\u00c4revush\u00e4ire ravi<\/span><\/a><span style=\"font-weight: 400;\"> v\u00f5ib h\u00f5lmata ps\u00fchhoteraapiat, elustiili muutusi ja vajadusel ravimeid.<\/span><\/p>\n<h3 id=\"5\"><span style=\"font-weight: 400;\">Paanikah\u00e4ire<\/span><\/h3>\n<p><a href=\"https:\/\/et.wikipedia.org\/wiki\/Paanikah%C3%A4ire\"><span style=\"font-weight: 400;\">Paanikah\u00e4ire<\/span><\/a><span style=\"font-weight: 400;\"> v\u00e4ljendub korduvate ja ootamatute paanikahoogudena. Kuigi <\/span><a href=\"https:\/\/peaasi.ee\/paanikahaire\/\"><span style=\"font-weight: 400;\">\u043f\u0430\u043d\u0438\u0447\u0435\u0441\u043a\u0430\u044f \u0430\u0442\u0430\u043a\u0430<\/span><\/a><span style=\"font-weight: 400;\"> on paanikah\u00e4ire keskseks m\u00f5isteks, ei t\u00e4henda selle \u00fchekordne esinemine veel ps\u00fc\u00fchikah\u00e4ire olemasolu, kuid on kindlasti m\u00e4rgiks sellest, et tuleks t\u00e4helepanu suunata oma vaimsele tervisele ja heaolule. Paanikah\u00e4ired diagnoositakse juhul, kui on olnud \u00fche kuu v\u00e4ltel kaks v\u00f5i enam paanikahoogu, mis tekivad situatsioonis, kus ei ole reaalset ohtu.<\/span><\/p>\n<p><a href=\"https:\/\/www.kliinikum.ee\/patsiendiinfo-andmebaas\/paanikahaire\/\"><span style=\"font-weight: 400;\">Paanikah\u00e4ire s\u00fcmptomid<\/span><\/a><span style=\"font-weight: 400;\"> v\u00e4ljenduvad paanikahooga:<\/span><\/p>\n<ul>\n<li style=\"font-weight: 400;\" aria-level=\"1\"><span style=\"font-weight: 400;\">hingeldamine ja \u00f5hupuudus;<\/span><\/li>\n<li style=\"font-weight: 400;\" aria-level=\"1\"><span style=\"font-weight: 400;\">s\u00fcdamepekslemine;<\/span><\/li>\n<li style=\"font-weight: 400;\" aria-level=\"1\"><span style=\"font-weight: 400;\">peap\u00f6\u00f6ritus, tasakaaluh\u00e4ired v\u00f5i j\u00f5uetus;<\/span><\/li>\n<li style=\"font-weight: 400;\" aria-level=\"1\"><span style=\"font-weight: 400;\">v\u00e4risemine v\u00f5i vappumine;<\/span><\/li>\n<li style=\"font-weight: 400;\" aria-level=\"1\"><span style=\"font-weight: 400;\">l\u00e4mbumistunne;<\/span><\/li>\n<li style=\"font-weight: 400;\" aria-level=\"1\"><span style=\"font-weight: 400;\">higistamine;<\/span><\/li>\n<li style=\"font-weight: 400;\" aria-level=\"1\"><span style=\"font-weight: 400;\">iiveldus v\u00f5i ebameeldiv tunne k\u00f5hus;<\/span><\/li>\n<li style=\"font-weight: 400;\" aria-level=\"1\"><span style=\"font-weight: 400;\">ebareaalsustunne;<\/span><\/li>\n<li style=\"font-weight: 400;\" aria-level=\"1\"><span style=\"font-weight: 400;\">k\u00e4te ja jalgade tuimus v\u00f5i pakitsemine;<\/span><\/li>\n<li style=\"font-weight: 400;\" aria-level=\"1\"><span style=\"font-weight: 400;\">kuuma- ja k\u00fclmahood;<\/span><\/li>\n<li style=\"font-weight: 400;\" aria-level=\"1\"><span style=\"font-weight: 400;\">valud v\u00f5i ebamugavustunne rinnus;<\/span><\/li>\n<li style=\"font-weight: 400;\" aria-level=\"1\"><span style=\"font-weight: 400;\">hirm hulluks minemise v\u00f5i kontrolli kaotamise ees;<\/span><\/li>\n<li style=\"font-weight: 400;\" aria-level=\"1\"><span style=\"font-weight: 400;\">surmahirm.<\/span><\/li>\n<\/ul>\n<p><span style=\"font-weight: 400;\">Kuigi tugev \u00e4revus ja paanikah\u00e4ire s\u00fcmptomid kattuvad osaliselt, eristab paanikah\u00e4iret just hoogude \u00e4kilisus ja kehaliste s\u00fcmptomite intensiivsus.<\/span><\/p>\n<p><span style=\"font-weight: 400;\">Paanikah\u00e4ire ravi h\u00f5lmab eneseabiv\u00f5tteid, ps\u00fchhoteraapiat ja\/v\u00f5i ravimeid. Ravimitest on paanikah\u00e4ire puhul kasutusel antidepressandid.<\/span><\/p>\n<h3 id=\"6\"><span style=\"font-weight: 400;\">Uneh\u00e4ired<\/span><\/h3>\n<p><a href=\"https:\/\/www.kliinikum.ee\/psyhhiaatriakliinik\/lisad\/ravi\/ph\/51unehaired.htm\"><span style=\"font-weight: 400;\">Erinevad uneh\u00e4ired<\/span><\/a><span style=\"font-weight: 400;\"> on s\u00fcndroomid, millele on iseloomulik ebarahuldava kvantiteedi ja\/v\u00f5i kvaliteediga uni m\u00e4rkimisv\u00e4\u00e4rse perioodi v\u00e4ltel.<\/span><\/p>\n<p><a href=\"https:\/\/tervisekassa.ee\/blogi\/unehairete-ravijuhend-teejuht-unehairete-maailma\"><span style=\"font-weight: 400;\">Uneh\u00e4ired on t\u00e4iskasvanud elanikkonna seas sage n\u00e4htus<\/span><\/a><span style=\"font-weight: 400;\"> ning kahjuks ka aladiagnoositud \u2013 pooled kaebustega inimestest ei p\u00f6\u00f6rdu arstile. <\/span><a href=\"https:\/\/tervis.postimees.ee\/7286631\/spetsialist-selgitab-millised-on-levinumad-unehaired-ja-kuidas-neid-kontrolli-alla-saada\"><span style=\"font-weight: 400;\">V\u00e4hene uni aga avaldab m\u00f5ju<\/span><\/a><span style=\"font-weight: 400;\"> meie elukvaliteedile. Uneh\u00e4ired ja magamatus v\u00f5ivad m\u00f5jutada vaimset tervist, kaalunumbrit, suhteid ja produktiivsuse taset. Lisaks sellele v\u00f5ivad pikaajalised uneh\u00e4ired viia diabeedi, depressiooni v\u00f5i s\u00fcdamehaiguste tekkeni.<\/span><\/p>\n<p><span style=\"font-weight: 400;\">Uneprobleemid v\u00f5ivad olla seotud stressi, \u00e4revuse, depressiooni, elukorralduse muutuste v\u00f5i hormonaalsete k\u00f5ikumistega. N\u00e4iteks kliimaks ja uneh\u00e4ired k\u00e4ivad tihti k\u00e4sik\u00e4es, sest kuumahood ja \u00f6ine higistamine h\u00e4irivad und m\u00e4rgatavalt.<\/span><\/p>\n<p><span style=\"font-weight: 400;\">Uneh\u00e4ired v\u00f5ivad esineda igas vanuses: uneh\u00e4ired lapsel v\u00e4ljenduvad sageli \u00f6iste hirmude, ebaregulaarse unerutiiniga v\u00f5i p\u00e4evase \u00fcliaktiivsusena, t\u00e4iskasvanutel pigem kurnatuse, unisuse v\u00f5i keskendumisraskustena.<\/span><\/p>\n<p><span style=\"font-weight: 400;\">Uneh\u00e4irete ravi s\u00f5ltub isiku vanusest ning v\u00f5ib h\u00f5lmata uneh\u00fcgieeni parandamist, ps\u00fchholoogilist n\u00f5ustamist v\u00f5i ravimeid.<\/span><\/p>\n<h3 id=\"7\"><span style=\"font-weight: 400;\">Bipolaarne meeleoluh\u00e4ire<\/span><\/h3>\n<p><a href=\"https:\/\/et.wikipedia.org\/wiki\/Bipolaarne_h%C3%A4ire\"><span style=\"font-weight: 400;\"><img loading=\"lazy\" decoding=\"async\" class=\"alignright wp-image-5066 size-medium\" src=\"https:\/\/terveelukeskus.ee\/wp-content\/uploads\/2026\/03\/sad-young-woman-home-2-300x200.jpg\" alt=\"\" width=\"300\" height=\"200\" srcset=\"https:\/\/terveelukeskus.ee\/wp-content\/uploads\/2026\/03\/sad-young-woman-home-2-300x200.jpg 300w, https:\/\/terveelukeskus.ee\/wp-content\/uploads\/2026\/03\/sad-young-woman-home-2-768x512.jpg 768w, https:\/\/terveelukeskus.ee\/wp-content\/uploads\/2026\/03\/sad-young-woman-home-2-18x12.jpg 18w, https:\/\/terveelukeskus.ee\/wp-content\/uploads\/2026\/03\/sad-young-woman-home-2.jpg 1200w\" sizes=\"auto, (max-width: 300px) 100vw, 300px\" \/>Bipolaarne h\u00e4ire<\/span><\/a><span style=\"font-weight: 400;\"> on seisund, mille korral k\u00f5igub inimese meeleolu \u00e4\u00e4rmuslike tippude (mania) ja madalseisude (depressiooni) vahel. K\u00f5rgenenud ja alanenud meeleoluga kaasnevad olulised muutused energiatasemes, aktiivsuses, unevajaduses ja k\u00e4itumises.<\/span><\/p>\n<p><span style=\"font-weight: 400;\">Mania- v\u00f5i h\u00fcpomaniaperioodidel tunneb inimene end ebatavaliselt energilisena, eufoorilisena ja magamisvajadus v\u00e4heneb, depressioonifaasis aga valdavad lootusetuse tunne, huvi kadumine ja kurnatus. <\/span><a href=\"https:\/\/peaasi.ee\/mis-on-bipolaarne-meeleoluhaire\/\"><span style=\"font-weight: 400;\">Bipolaarse h\u00e4ire s\u00fcmptomid<\/span><\/a><span style=\"font-weight: 400;\"> v\u00f5ivad episooditi oluliselt erineda. M\u00f5nel inimesel domineerivad pikemad depressiooniepisoodid ehk bipolaarne depressioon, teisel aga sagedased meeleolumuutused. M\u00f5nikord esinevad korraga nii mania kui depressioon. Seda kutsutakse segat\u00fc\u00fcpi seisundiks.<\/span><\/p>\n<p><a href=\"https:\/\/peaasi.ee\/bipolaarse-haire-ravi\/\"><span style=\"font-weight: 400;\">Bipolaarne h\u00e4ire ja selle ravi<\/span><\/a><span style=\"font-weight: 400;\"> on inimeseti v\u00e4ga erinev ning igal juhul on ravi pikaajaline. Ravis kasutatakse nii ravimeid kui ka ps\u00fchhoteraapiat.<\/span><\/p>\n<h3 id=\"8\"><span style=\"font-weight: 400;\">Obsessiiv-kompulsiivne h\u00e4ire<\/span><\/h3>\n<p><a href=\"https:\/\/peaasi.ee\/obsessiiv-kompulsiivne-haire\/\"><span style=\"font-weight: 400;\">Obsessiiv-kompulsiivne h\u00e4ire (OKH)<\/span><\/a><span style=\"font-weight: 400;\"> on seisund, mida iseloomustavad korduvad pealet\u00fckkivad sundm\u00f5tted ehk obsessioonid ning nendega seotud korduvad sundtegevused ehk kompulsioonid. Kompulsiivne t\u00e4hendus viitab sisemisele sunnile \u2013 inimene tunneb vastupandamatut vajadust sooritada teatud toiminguid nagu k\u00e4tepesu, kontrollimist, loendamist v\u00f5i asjade kindlas j\u00e4rjekorras paigutamist, et leevendada obsessioonidest tingitud \u00e4revust. Kuigi inimene sageli m\u00f5istab, et tema k\u00e4itumine on \u00fclem\u00e4\u00e4rane, ei suuda ta seda lihtsalt tahte j\u00f5ul l\u00f5petada.\u00a0<\/span><\/p>\n<p><a href=\"https:\/\/et.wikipedia.org\/wiki\/Obsessiiv-kompulsiivne_h%C3%A4ire\"><span style=\"font-weight: 400;\">Obsessiiv-kompulsiivne h\u00e4ire<\/span><\/a><span style=\"font-weight: 400;\"> ei ole \u201eveidrus&#8221; ega korraarmastus nagu tihti arvatakse \u2013 raskematel juhtudel v\u00f5ivad sundm\u00f5tted ja -tegevused h\u00f5ivata tunde p\u00e4evas ning halvata igap\u00e4evaelu t\u00e4ielikult. Arvatakse, et obsessiv-kompulsiivne h\u00e4ire on seotud serotoniini puudusega ajus v\u00f5i serotoniini ainevahetuse h\u00e4irega. H\u00e4ire v\u00f5ib alata juba lapseeas v\u00f5i noorukieast varase t\u00e4iskasvanueani.<\/span><\/p>\n<p><span style=\"font-weight: 400;\">Obsessiiv-kompulsiivse h\u00e4ire ravi h\u00f5lmab tavaliselt kognitiiv-k\u00e4itumuslikku teraapiat ja vajadusel medikamentoosset ravi.<\/span><\/p>\n<h2 id=\"9\"><span style=\"font-weight: 400;\">Millal otsida abi?<\/span><\/h2>\n<p><span style=\"font-weight: 400;\">Ps\u00fc\u00fchilised h\u00e4ired on levinumad, kui paljud arvavad, ning need v\u00f5ivad tabada iga\u00fcht, s\u00f5ltumata east, taustast v\u00f5i eluviisist. Olgu tegemist \u00e4revush\u00e4irega, paanikah\u00e4irega, bipolaarse h\u00e4irega, uneh\u00e4iretega v\u00f5i obsessiiv-kompulsiivse h\u00e4irega \u2013 \u00fckski neist ei ole h\u00e4biasi ega midagi, millega peab \u00fcksi hakkama saama. Oluline on meeles pidada, et mida varem s\u00fcmptomeid m\u00e4rgatakse ja abi otsitakse, seda t\u00f5husamalt on v\u00f5imalik h\u00e4iret ravida ja elukvaliteeti parandada.\u00a0<\/span><\/p>\n<p><span style=\"font-weight: 400;\">Kui tunned, et \u00e4revus, meeleoluk\u00f5ikumised, sundm\u00f5tted, uneprobleemid v\u00f5i muud s\u00fcmptomid segavad sinu igap\u00e4evaelu, on \u00f5ige aeg p\u00f6\u00f6rduda perearsti v\u00f5i vaimse tervise spetsialisti poole. Abi k\u00fcsimine ei ole n\u00f5rkuse m\u00e4rk \u2013 see on esimene samm parema enesetunde suunas.<\/span><\/p>\n<h2 id=\"10\"><span style=\"font-weight: 400;\">Kust otsida vaimse tervise teemadel abi?<\/span><\/h2>\n<p><span style=\"font-weight: 400;\">Sotsiaalministeeriumi veebilehel on v\u00e4lja toodud \u201cvaimse tervise valgusfoor\u201d ehk kust otsida abi vaimse tervise teemadel. Seal on v\u00e4lja toodud tasuta vaimse tervise tugiliinid, kuhu p\u00f6\u00f6rduda, kui vaimne tervis on halvenenud ja see h\u00e4irib igap\u00e4evaelu:<\/span><\/p>\n<ul>\n<li style=\"font-weight: 400;\" aria-level=\"1\"><span style=\"font-weight: 400;\">emotsionaalse toe ja hingehoiu telefon 116 123 \u2013 n\u00f5ustajad pakuvad tuge iga p\u00e4ev kell 10.00\u201300.00, hingehoidjad on sel liinil k\u00e4ttesaadavad kell 16.00\u201302.00;<\/span><\/li>\n<li style=\"font-weight: 400;\" aria-level=\"1\"><a href=\"https:\/\/noustamine.peaasi.ee\/\"><span style=\"font-weight: 400;\">peaasi.ee e-n\u00f5ustamine<\/span><\/a><span style=\"font-weight: 400;\"> \u2013 n\u00f5ustajad kuulavad, annavad n\u00f5u ja suunavad vajadusel sobiva spetsialisti juurde;<\/span><\/li>\n<li style=\"font-weight: 400;\" aria-level=\"1\"><a href=\"http:\/\/lahendus.net\/\"><span style=\"font-weight: 400;\">\u0440\u0435\u0448\u0435\u043d\u0438\u0435.net<\/span><\/a><span style=\"font-weight: 400;\"> veebin\u00f5ustamine \u2013 n\u00f5ustajad ehk \u201clahendajad\u201d on ps\u00fchholoogia\u00fcli\u00f5pilased ja vilistlased, kes tegutsevad kogenud n\u00f5ustajate juhendamisel;<\/span><\/li>\n<li style=\"font-weight: 400;\" aria-level=\"1\"><span style=\"font-weight: 400;\">lasteabi telefon 116 111 \u2013 laste vaimse tervise ja heaoluk\u00fcsimustes saab n\u00f5u k\u00fcsida ka veebilehel <\/span><a href=\"http:\/\/lasteabi.ee\/\"><span style=\"font-weight: 400;\">lasteabi.ee<\/span><\/a><span style=\"font-weight: 400;\">;<\/span><\/li>\n<li style=\"font-weight: 400;\" aria-level=\"1\"><span style=\"font-weight: 400;\">koolips\u00fchholoogide n\u00f5uandetelefon 1226 \u2013 koolips\u00fchholoogiga saab r\u00e4\u00e4kida eesti keeles esmasp\u00e4evast reedeni kell 16.00\u201320.00 . Venekeelne telefon 1227 on avatud teisip\u00e4eviti kell 16.00\u201320.00.<\/span><\/li>\n<\/ul>\n<p><a href=\"https:\/\/terveelukeskus.ee\/wp-content\/uploads\/2026\/03\/Vaimse-tervise-valgusfoor_1160x940_veebilehele_page-0001-4.jpg\"><img loading=\"lazy\" decoding=\"async\" class=\"aligncenter size-full wp-image-5061\" src=\"https:\/\/terveelukeskus.ee\/wp-content\/uploads\/2026\/03\/Vaimse-tervise-valgusfoor_1160x940_veebilehele_page-0001-4.jpg\" alt=\"\" width=\"1500\" height=\"1215\" srcset=\"https:\/\/terveelukeskus.ee\/wp-content\/uploads\/2026\/03\/Vaimse-tervise-valgusfoor_1160x940_veebilehele_page-0001-4.jpg 1500w, https:\/\/terveelukeskus.ee\/wp-content\/uploads\/2026\/03\/Vaimse-tervise-valgusfoor_1160x940_veebilehele_page-0001-4-300x243.jpg 300w, https:\/\/terveelukeskus.ee\/wp-content\/uploads\/2026\/03\/Vaimse-tervise-valgusfoor_1160x940_veebilehele_page-0001-4-768x622.jpg 768w, https:\/\/terveelukeskus.ee\/wp-content\/uploads\/2026\/03\/Vaimse-tervise-valgusfoor_1160x940_veebilehele_page-0001-4-15x12.jpg 15w\" sizes=\"auto, (max-width: 1500px) 100vw, 1500px\" \/><\/a><\/p>","protected":false},"excerpt":{"rendered":"<p>NB! K\u00e4esolev blogipostitus on informatiivse iseloomuga. Siin v\u00e4ljatoodud n\u00f5uanded on \u00fcldist laadi ega asenda professionaalset meditsiinilist konsultatsiooni. Artikli l\u00f5pus on viited ja kontaktid, kuhu p\u00f6\u00f6rduda vaimse tervise muredega. Vaimne tervis m\u00f5jutab otseselt seda, kuidas me m\u00f5tleme, tunneme, k\u00e4itume ja igap\u00e4evaeluga&hellip;<\/p>","protected":false},"author":16,"featured_media":5062,"comment_status":"closed","ping_status":"closed","sticky":false,"template":"","format":"standard","meta":{"_acf_changed":false,"footnotes":""},"categories":[121],"tags":[132,220,131,103,167],"class_list":["post-5055","post","type-post","status-publish","format-standard","has-post-thumbnail","hentry","category-vaimne-tervis","tag-arevus","tag-meeleolu","tag-stress","tag-uni","tag-vaimne-tervis","entry","has-media"],"acf":[],"yoast_head":"<!-- This site is optimized with the Yoast SEO plugin v27.3 - https:\/\/yoast.com\/product\/yoast-seo-wordpress\/ -->\n<title>Enimlevinud ps\u00fc\u00fchilised h\u00e4ired ja nende s\u00fcmptomid - Terve Elu Keskus<\/title>\n<meta name=\"description\" content=\"Ps\u00fc\u00fchilised h\u00e4ired m\u00f5jutavad miljoneid \u00fcle maailma. Hoolimata teadlikkuse kasvust takistab h\u00e4bitunne ja teadmatus paljudel abi otsimast.\" \/>\n<meta name=\"robots\" content=\"index, follow, max-snippet:-1, max-image-preview:large, max-video-preview:-1\" \/>\n<link rel=\"canonical\" href=\"https:\/\/terveelukeskus.ee\/ru\/psuuhilised-haired\/\" \/>\n<meta property=\"og:locale\" content=\"ru_RU\" \/>\n<meta property=\"og:type\" content=\"article\" \/>\n<meta property=\"og:title\" content=\"Enimlevinud ps\u00fc\u00fchilised h\u00e4ired ja nende s\u00fcmptomid - Terve Elu Keskus\" \/>\n<meta property=\"og:description\" content=\"Ps\u00fc\u00fchilised h\u00e4ired m\u00f5jutavad miljoneid \u00fcle maailma. Hoolimata teadlikkuse kasvust takistab h\u00e4bitunne ja teadmatus paljudel abi otsimast.\" \/>\n<meta property=\"og:url\" content=\"https:\/\/terveelukeskus.ee\/ru\/psuuhilised-haired\/\" \/>\n<meta property=\"og:site_name\" content=\"Terve Elu Keskus\" \/>\n<meta property=\"article:publisher\" content=\"https:\/\/www.facebook.com\/terveelukeskus\/\" \/>\n<meta property=\"article:published_time\" content=\"2026-03-17T09:43:56+00:00\" \/>\n<meta property=\"article:modified_time\" content=\"2026-03-17T09:46:23+00:00\" \/>\n<meta property=\"og:image\" content=\"https:\/\/terveelukeskus.ee\/wp-content\/uploads\/2026\/03\/concept-portrait-overstimulated-person-2.jpg\" \/>\n\t<meta property=\"og:image:width\" content=\"1500\" \/>\n\t<meta property=\"og:image:height\" content=\"1000\" \/>\n\t<meta property=\"og:image:type\" content=\"image\/jpeg\" \/>\n<meta name=\"author\" content=\"admin\" \/>\n<meta name=\"twitter:card\" content=\"summary_large_image\" \/>\n<meta name=\"twitter:label1\" content=\"\u041d\u0430\u043f\u0438\u0441\u0430\u043d\u043e \u0430\u0432\u0442\u043e\u0440\u043e\u043c\" \/>\n\t<meta name=\"twitter:data1\" content=\"admin\" \/>\n\t<meta name=\"twitter:label2\" content=\"\u041f\u0440\u0438\u043c\u0435\u0440\u043d\u043e\u0435 \u0432\u0440\u0435\u043c\u044f \u0434\u043b\u044f \u0447\u0442\u0435\u043d\u0438\u044f\" \/>\n\t<meta name=\"twitter:data2\" content=\"10 \u043c\u0438\u043d\u0443\u0442\" \/>\n<script type=\"application\/ld+json\" class=\"yoast-schema-graph\">{\"@context\":\"https:\\\/\\\/schema.org\",\"@graph\":[{\"@type\":\"Article\",\"@id\":\"https:\\\/\\\/terveelukeskus.ee\\\/psuuhilised-haired\\\/#article\",\"isPartOf\":{\"@id\":\"https:\\\/\\\/terveelukeskus.ee\\\/psuuhilised-haired\\\/\"},\"author\":{\"name\":\"admin\",\"@id\":\"https:\\\/\\\/terveelukeskus.ee\\\/#\\\/schema\\\/person\\\/2adee629a7d49e6dbc754f4c364f9a9a\"},\"headline\":\"Enimlevinud ps\u00fc\u00fchilised h\u00e4ired ja s\u00fcmptomid \u2013 paanikah\u00e4ire, bipolaarne h\u00e4ire jt\",\"datePublished\":\"2026-03-17T09:43:56+00:00\",\"dateModified\":\"2026-03-17T09:46:23+00:00\",\"mainEntityOfPage\":{\"@id\":\"https:\\\/\\\/terveelukeskus.ee\\\/psuuhilised-haired\\\/\"},\"wordCount\":2083,\"publisher\":{\"@id\":\"https:\\\/\\\/terveelukeskus.ee\\\/#organization\"},\"image\":{\"@id\":\"https:\\\/\\\/terveelukeskus.ee\\\/psuuhilised-haired\\\/#primaryimage\"},\"thumbnailUrl\":\"https:\\\/\\\/terveelukeskus.ee\\\/wp-content\\\/uploads\\\/2026\\\/03\\\/concept-portrait-overstimulated-person-2.jpg\",\"keywords\":[\"\u00e4revus\",\"meeleolu\",\"stress\",\"Uni\",\"vaimne tervis\"],\"articleSection\":[\"Vaimne tervis\"],\"inLanguage\":\"ru-RU\"},{\"@type\":\"WebPage\",\"@id\":\"https:\\\/\\\/terveelukeskus.ee\\\/psuuhilised-haired\\\/\",\"url\":\"https:\\\/\\\/terveelukeskus.ee\\\/psuuhilised-haired\\\/\",\"name\":\"Enimlevinud ps\u00fc\u00fchilised h\u00e4ired ja nende s\u00fcmptomid - Terve Elu Keskus\",\"isPartOf\":{\"@id\":\"https:\\\/\\\/terveelukeskus.ee\\\/#website\"},\"primaryImageOfPage\":{\"@id\":\"https:\\\/\\\/terveelukeskus.ee\\\/psuuhilised-haired\\\/#primaryimage\"},\"image\":{\"@id\":\"https:\\\/\\\/terveelukeskus.ee\\\/psuuhilised-haired\\\/#primaryimage\"},\"thumbnailUrl\":\"https:\\\/\\\/terveelukeskus.ee\\\/wp-content\\\/uploads\\\/2026\\\/03\\\/concept-portrait-overstimulated-person-2.jpg\",\"datePublished\":\"2026-03-17T09:43:56+00:00\",\"dateModified\":\"2026-03-17T09:46:23+00:00\",\"description\":\"Ps\u00fc\u00fchilised h\u00e4ired m\u00f5jutavad miljoneid \u00fcle maailma. Hoolimata teadlikkuse kasvust takistab h\u00e4bitunne ja teadmatus paljudel abi otsimast.\",\"inLanguage\":\"ru-RU\",\"potentialAction\":[{\"@type\":\"ReadAction\",\"target\":[\"https:\\\/\\\/terveelukeskus.ee\\\/psuuhilised-haired\\\/\"]}]},{\"@type\":\"ImageObject\",\"inLanguage\":\"ru-RU\",\"@id\":\"https:\\\/\\\/terveelukeskus.ee\\\/psuuhilised-haired\\\/#primaryimage\",\"url\":\"https:\\\/\\\/terveelukeskus.ee\\\/wp-content\\\/uploads\\\/2026\\\/03\\\/concept-portrait-overstimulated-person-2.jpg\",\"contentUrl\":\"https:\\\/\\\/terveelukeskus.ee\\\/wp-content\\\/uploads\\\/2026\\\/03\\\/concept-portrait-overstimulated-person-2.jpg\",\"width\":1500,\"height\":1000},{\"@type\":\"WebSite\",\"@id\":\"https:\\\/\\\/terveelukeskus.ee\\\/#website\",\"url\":\"https:\\\/\\\/terveelukeskus.ee\\\/\",\"name\":\"Terve Elu Keskus\",\"description\":\"Terves kehas terve vaim!\",\"publisher\":{\"@id\":\"https:\\\/\\\/terveelukeskus.ee\\\/#organization\"},\"potentialAction\":[{\"@type\":\"SearchAction\",\"target\":{\"@type\":\"EntryPoint\",\"urlTemplate\":\"https:\\\/\\\/terveelukeskus.ee\\\/?s={search_term_string}\"},\"query-input\":{\"@type\":\"PropertyValueSpecification\",\"valueRequired\":true,\"valueName\":\"search_term_string\"}}],\"inLanguage\":\"ru-RU\"},{\"@type\":\"Organization\",\"@id\":\"https:\\\/\\\/terveelukeskus.ee\\\/#organization\",\"name\":\"Terve Elu Keskus\",\"url\":\"https:\\\/\\\/terveelukeskus.ee\\\/\",\"logo\":{\"@type\":\"ImageObject\",\"inLanguage\":\"ru-RU\",\"@id\":\"https:\\\/\\\/terveelukeskus.ee\\\/#\\\/schema\\\/logo\\\/image\\\/\",\"url\":\"https:\\\/\\\/terveelukeskus.ee\\\/wp-content\\\/uploads\\\/2019\\\/09\\\/TEK_logo_v\u00e4rviline.png\",\"contentUrl\":\"https:\\\/\\\/terveelukeskus.ee\\\/wp-content\\\/uploads\\\/2019\\\/09\\\/TEK_logo_v\u00e4rviline.png\",\"width\":3709,\"height\":864,\"caption\":\"Terve Elu Keskus\"},\"image\":{\"@id\":\"https:\\\/\\\/terveelukeskus.ee\\\/#\\\/schema\\\/logo\\\/image\\\/\"},\"sameAs\":[\"https:\\\/\\\/www.facebook.com\\\/terveelukeskus\\\/\"]},{\"@type\":\"Person\",\"@id\":\"https:\\\/\\\/terveelukeskus.ee\\\/#\\\/schema\\\/person\\\/2adee629a7d49e6dbc754f4c364f9a9a\",\"name\":\"admin\",\"image\":{\"@type\":\"ImageObject\",\"inLanguage\":\"ru-RU\",\"@id\":\"https:\\\/\\\/secure.gravatar.com\\\/avatar\\\/476ced2eac9ccd387a4f8c4073818e11c0bff4e7f86644846fb6a46cf134e475?s=96&d=retro&r=g\",\"url\":\"https:\\\/\\\/secure.gravatar.com\\\/avatar\\\/476ced2eac9ccd387a4f8c4073818e11c0bff4e7f86644846fb6a46cf134e475?s=96&d=retro&r=g\",\"contentUrl\":\"https:\\\/\\\/secure.gravatar.com\\\/avatar\\\/476ced2eac9ccd387a4f8c4073818e11c0bff4e7f86644846fb6a46cf134e475?s=96&d=retro&r=g\",\"caption\":\"admin\"}}]}<\/script>\n<!-- \/ Yoast SEO plugin. -->","yoast_head_json":{"title":"Enimlevinud ps\u00fc\u00fchilised h\u00e4ired ja nende s\u00fcmptomid - Terve Elu Keskus","description":"Ps\u00fc\u00fchilised h\u00e4ired m\u00f5jutavad miljoneid \u00fcle maailma. Hoolimata teadlikkuse kasvust takistab h\u00e4bitunne ja teadmatus paljudel abi otsimast.","robots":{"index":"index","follow":"follow","max-snippet":"max-snippet:-1","max-image-preview":"max-image-preview:large","max-video-preview":"max-video-preview:-1"},"canonical":"https:\/\/terveelukeskus.ee\/ru\/psuuhilised-haired\/","og_locale":"ru_RU","og_type":"article","og_title":"Enimlevinud ps\u00fc\u00fchilised h\u00e4ired ja nende s\u00fcmptomid - Terve Elu Keskus","og_description":"Ps\u00fc\u00fchilised h\u00e4ired m\u00f5jutavad miljoneid \u00fcle maailma. Hoolimata teadlikkuse kasvust takistab h\u00e4bitunne ja teadmatus paljudel abi otsimast.","og_url":"https:\/\/terveelukeskus.ee\/ru\/psuuhilised-haired\/","og_site_name":"Terve Elu Keskus","article_publisher":"https:\/\/www.facebook.com\/terveelukeskus\/","article_published_time":"2026-03-17T09:43:56+00:00","article_modified_time":"2026-03-17T09:46:23+00:00","og_image":[{"width":1500,"height":1000,"url":"https:\/\/terveelukeskus.ee\/wp-content\/uploads\/2026\/03\/concept-portrait-overstimulated-person-2.jpg","type":"image\/jpeg"}],"author":"admin","twitter_card":"summary_large_image","twitter_misc":{"\u041d\u0430\u043f\u0438\u0441\u0430\u043d\u043e \u0430\u0432\u0442\u043e\u0440\u043e\u043c":"admin","\u041f\u0440\u0438\u043c\u0435\u0440\u043d\u043e\u0435 \u0432\u0440\u0435\u043c\u044f \u0434\u043b\u044f \u0447\u0442\u0435\u043d\u0438\u044f":"10 \u043c\u0438\u043d\u0443\u0442"},"schema":{"@context":"https:\/\/schema.org","@graph":[{"@type":"Article","@id":"https:\/\/terveelukeskus.ee\/psuuhilised-haired\/#article","isPartOf":{"@id":"https:\/\/terveelukeskus.ee\/psuuhilised-haired\/"},"author":{"name":"admin","@id":"https:\/\/terveelukeskus.ee\/#\/schema\/person\/2adee629a7d49e6dbc754f4c364f9a9a"},"headline":"Enimlevinud ps\u00fc\u00fchilised h\u00e4ired ja s\u00fcmptomid \u2013 paanikah\u00e4ire, bipolaarne h\u00e4ire jt","datePublished":"2026-03-17T09:43:56+00:00","dateModified":"2026-03-17T09:46:23+00:00","mainEntityOfPage":{"@id":"https:\/\/terveelukeskus.ee\/psuuhilised-haired\/"},"wordCount":2083,"publisher":{"@id":"https:\/\/terveelukeskus.ee\/#organization"},"image":{"@id":"https:\/\/terveelukeskus.ee\/psuuhilised-haired\/#primaryimage"},"thumbnailUrl":"https:\/\/terveelukeskus.ee\/wp-content\/uploads\/2026\/03\/concept-portrait-overstimulated-person-2.jpg","keywords":["\u00e4revus","meeleolu","stress","Uni","vaimne tervis"],"articleSection":["Vaimne tervis"],"inLanguage":"ru-RU"},{"@type":"WebPage","@id":"https:\/\/terveelukeskus.ee\/psuuhilised-haired\/","url":"https:\/\/terveelukeskus.ee\/psuuhilised-haired\/","name":"Enimlevinud ps\u00fc\u00fchilised h\u00e4ired ja nende s\u00fcmptomid - Terve Elu Keskus","isPartOf":{"@id":"https:\/\/terveelukeskus.ee\/#website"},"primaryImageOfPage":{"@id":"https:\/\/terveelukeskus.ee\/psuuhilised-haired\/#primaryimage"},"image":{"@id":"https:\/\/terveelukeskus.ee\/psuuhilised-haired\/#primaryimage"},"thumbnailUrl":"https:\/\/terveelukeskus.ee\/wp-content\/uploads\/2026\/03\/concept-portrait-overstimulated-person-2.jpg","datePublished":"2026-03-17T09:43:56+00:00","dateModified":"2026-03-17T09:46:23+00:00","description":"Ps\u00fc\u00fchilised h\u00e4ired m\u00f5jutavad miljoneid \u00fcle maailma. Hoolimata teadlikkuse kasvust takistab h\u00e4bitunne ja teadmatus paljudel abi otsimast.","inLanguage":"ru-RU","potentialAction":[{"@type":"ReadAction","target":["https:\/\/terveelukeskus.ee\/psuuhilised-haired\/"]}]},{"@type":"ImageObject","inLanguage":"ru-RU","@id":"https:\/\/terveelukeskus.ee\/psuuhilised-haired\/#primaryimage","url":"https:\/\/terveelukeskus.ee\/wp-content\/uploads\/2026\/03\/concept-portrait-overstimulated-person-2.jpg","contentUrl":"https:\/\/terveelukeskus.ee\/wp-content\/uploads\/2026\/03\/concept-portrait-overstimulated-person-2.jpg","width":1500,"height":1000},{"@type":"WebSite","@id":"https:\/\/terveelukeskus.ee\/#website","url":"https:\/\/terveelukeskus.ee\/","name":"\u0426\u0435\u043d\u0442\u0440 \u0437\u0434\u043e\u0440\u043e\u0432\u043e\u0433\u043e \u043e\u0431\u0440\u0430\u0437\u0430 \u0436\u0438\u0437\u043d\u0438","description":"\u0412 \u0437\u0434\u043e\u0440\u043e\u0432\u043e\u043c \u0442\u0435\u043b\u0435 \u2013 \u0437\u0434\u043e\u0440\u043e\u0432\u044b\u0439 \u0434\u0443\u0445!","publisher":{"@id":"https:\/\/terveelukeskus.ee\/#organization"},"potentialAction":[{"@type":"SearchAction","target":{"@type":"EntryPoint","urlTemplate":"https:\/\/terveelukeskus.ee\/?s={search_term_string}"},"query-input":{"@type":"PropertyValueSpecification","valueRequired":true,"valueName":"search_term_string"}}],"inLanguage":"ru-RU"},{"@type":"Organization","@id":"https:\/\/terveelukeskus.ee\/#organization","name":"\u0426\u0435\u043d\u0442\u0440 \u0437\u0434\u043e\u0440\u043e\u0432\u043e\u0433\u043e \u043e\u0431\u0440\u0430\u0437\u0430 \u0436\u0438\u0437\u043d\u0438","url":"https:\/\/terveelukeskus.ee\/","logo":{"@type":"ImageObject","inLanguage":"ru-RU","@id":"https:\/\/terveelukeskus.ee\/#\/schema\/logo\/image\/","url":"https:\/\/terveelukeskus.ee\/wp-content\/uploads\/2019\/09\/TEK_logo_v\u00e4rviline.png","contentUrl":"https:\/\/terveelukeskus.ee\/wp-content\/uploads\/2019\/09\/TEK_logo_v\u00e4rviline.png","width":3709,"height":864,"caption":"Terve Elu Keskus"},"image":{"@id":"https:\/\/terveelukeskus.ee\/#\/schema\/logo\/image\/"},"sameAs":["https:\/\/www.facebook.com\/terveelukeskus\/"]},{"@type":"Person","@id":"https:\/\/terveelukeskus.ee\/#\/schema\/person\/2adee629a7d49e6dbc754f4c364f9a9a","name":"\u0430\u0434\u043c\u0438\u043d","image":{"@type":"ImageObject","inLanguage":"ru-RU","@id":"https:\/\/secure.gravatar.com\/avatar\/476ced2eac9ccd387a4f8c4073818e11c0bff4e7f86644846fb6a46cf134e475?s=96&d=retro&r=g","url":"https:\/\/secure.gravatar.com\/avatar\/476ced2eac9ccd387a4f8c4073818e11c0bff4e7f86644846fb6a46cf134e475?s=96&d=retro&r=g","contentUrl":"https:\/\/secure.gravatar.com\/avatar\/476ced2eac9ccd387a4f8c4073818e11c0bff4e7f86644846fb6a46cf134e475?s=96&d=retro&r=g","caption":"admin"}}]}},"_links":{"self":[{"href":"https:\/\/terveelukeskus.ee\/ru\/wp-json\/wp\/v2\/posts\/5055","targetHints":{"allow":["GET"]}}],"collection":[{"href":"https:\/\/terveelukeskus.ee\/ru\/wp-json\/wp\/v2\/posts"}],"about":[{"href":"https:\/\/terveelukeskus.ee\/ru\/wp-json\/wp\/v2\/types\/post"}],"author":[{"embeddable":true,"href":"https:\/\/terveelukeskus.ee\/ru\/wp-json\/wp\/v2\/users\/16"}],"replies":[{"embeddable":true,"href":"https:\/\/terveelukeskus.ee\/ru\/wp-json\/wp\/v2\/comments?post=5055"}],"version-history":[{"count":5,"href":"https:\/\/terveelukeskus.ee\/ru\/wp-json\/wp\/v2\/posts\/5055\/revisions"}],"predecessor-version":[{"id":5068,"href":"https:\/\/terveelukeskus.ee\/ru\/wp-json\/wp\/v2\/posts\/5055\/revisions\/5068"}],"wp:featuredmedia":[{"embeddable":true,"href":"https:\/\/terveelukeskus.ee\/ru\/wp-json\/wp\/v2\/media\/5062"}],"wp:attachment":[{"href":"https:\/\/terveelukeskus.ee\/ru\/wp-json\/wp\/v2\/media?parent=5055"}],"wp:term":[{"taxonomy":"category","embeddable":true,"href":"https:\/\/terveelukeskus.ee\/ru\/wp-json\/wp\/v2\/categories?post=5055"},{"taxonomy":"post_tag","embeddable":true,"href":"https:\/\/terveelukeskus.ee\/ru\/wp-json\/wp\/v2\/tags?post=5055"}],"curies":[{"name":"WP","href":"https:\/\/api.w.org\/{rel}","templated":true}]}}